{"id":19805,"date":"2022-07-11T19:10:40","date_gmt":"2022-07-11T18:10:40","guid":{"rendered":"https:\/\/muslimerforfred.org\/sv\/?p=19805"},"modified":"2022-07-11T19:10:40","modified_gmt":"2022-07-11T18:10:40","slug":"eidfirande-i-stockholm","status":"publish","type":"post","link":"https:\/\/muslimerforfred.org\/sv\/eidfirande-i-stockholm\/","title":{"rendered":"Eidfirande i Stockholm"},"content":{"rendered":"<div class=\"kvgmc6g5 cxmmr5t8 oygrvhab hcukyx3x c1et5uql\">Salam aleikum\/Fredliga h\u00e4lsningar!<\/div>\n<div class=\"cxmmr5t8 oygrvhab hcukyx3x c1et5uql o9v6fnle\">Muslimska Freds Region Stockholm bjuder in er f\u00f6r att tillsammans fira Eid Al Adha. Eventet \u00e4r avsedd f\u00f6r alla, kom g\u00e4rna med era syskon och v\u00e4nner. Vi planerar att vistas utomhus och k\u00f6ra roliga lekar.<\/div>\n<div class=\"cxmmr5t8 oygrvhab hcukyx3x c1et5uql o9v6fnle\">Det bjuds p\u00e5 l\u00e4ttare f\u00f6rt\u00e4ring men om du vill kan du g\u00e4rna ta med n\u00e5got att bjuda p\u00e5. V\u00e4nligen anm\u00e4l er via f\u00f6ljande l\u00e4nk senast l\u00f6rdag 16 juli kl 18.00:<\/div>\n<div class=\"cxmmr5t8 oygrvhab hcukyx3x c1et5uql o9v6fnle\"><a class=\"oajrlxb2 g5ia77u1 qu0x051f esr5mh6w e9989ue4 r7d6kgcz rq0escxv nhd2j8a9 nc684nl6 p7hjln8o kvgmc6g5 cxmmr5t8 oygrvhab hcukyx3x jb3vyjys rz4wbd8a qt6c0cv9 a8nywdso i1ao9s8h esuyzwwr f1sip0of lzcic4wl gpro0wi8 py34i1dx\" role=\"link\" href=\"https:\/\/forms.gle\/XuNTYBKBipipcXxq8?fbclid=IwAR0wj1HPQqb21sFtGacHY_dYUsdw2qDVUmlG40yRcMzQlSgBRhv0I_sMm8c\" target=\"_blank\" rel=\"nofollow noopener\">https:\/\/forms.gle\/XuNTYBKBipipcXxq8<\/a><\/div>\n<div class=\"cxmmr5t8 oygrvhab hcukyx3x c1et5uql o9v6fnle\">Vi ser fram emot att tr\u00e4ffa er in inshallah!<\/div>\n<div class=\"cxmmr5t8 oygrvhab hcukyx3x c1et5uql o9v6fnle\">Eid Al-Adha \u00e4r en dag d\u00e5 muslimer firar profeten Abrahams (m\u00e5 Guds frid vara \u00f6ver honom) villighet att offra det mest \u00e4lskade inf\u00f6r Gud f\u00f6r att p\u00e5 s\u00e5 s\u00e4tt visa sin lydnad och k\u00e4rlek till Honom.<\/div>\n<div class=\"cxmmr5t8 oygrvhab hcukyx3x c1et5uql o9v6fnle\">Detta \u00e4r en dag som blir sigill f\u00f6r den muslimska pilgrimsf\u00e4rden Hajj, en av Islams fem pelare. V\u00e4lkomna till ett naturn\u00e4ra event och ta del av denna goda gemenskap d\u00e4r vi tr\u00e4ffas och samlas i det goda.<\/div>\n<div class=\"cxmmr5t8 oygrvhab hcukyx3x c1et5uql o9v6fnle\">Datum: S\u00f6ndag 17 Juli<\/div>\n<div class=\"cxmmr5t8 oygrvhab hcukyx3x c1et5uql o9v6fnle\">Tid: 14-16.00<\/div>\n<div class=\"cxmmr5t8 oygrvhab hcukyx3x c1et5uql o9v6fnle\">Plats: Stora blecktornsparken, Stockholm<\/div>\n","protected":false},"excerpt":{"rendered":"<p>Salam aleikum\/Fredliga h\u00e4lsningar! Muslimska Freds Region Stockholm bjuder in er f\u00f6r att tillsammans fira Eid Al Adha. Eventet \u00e4r avsedd f\u00f6r alla, kom g\u00e4rna med era syskon och v\u00e4nner. Vi planerar att vistas utomhus och k\u00f6ra roliga lekar. Det bjuds p\u00e5 l\u00e4ttare f\u00f6rt\u00e4ring men om du vill kan du g\u00e4rna ta med n\u00e5got att bjuda&hellip; <br \/> <a class=\"read-more\" href=\"https:\/\/muslimerforfred.org\/sv\/eidfirande-i-stockholm\/\">L\u00e4s mer<\/a><\/p>\n","protected":false},"author":17,"featured_media":19806,"comment_status":"closed","ping_status":"open","sticky":false,"template":"","format":"standard","meta":{"jetpack_post_was_ever_published":false,"_jetpack_newsletter_access":"","_jetpack_dont_email_post_to_subs":false,"_jetpack_newsletter_tier_id":0,"_jetpack_memberships_contains_paywalled_content":false,"_jetpack_memberships_contains_paid_content":false,"footnotes":"","jetpack_publicize_message":"","jetpack_publicize_feature_enabled":true,"jetpack_social_post_already_shared":true,"jetpack_social_options":{"image_generator_settings":{"template":"highway","default_image_id":0,"font":"","enabled":false},"version":2}},"categories":[72],"tags":[348,168,206,208,97,103,353,350,157,351,352,170,354,110,349,174],"class_list":["post-19805","post","type-post","status-publish","format-standard","has-post-thumbnail","hentry","category-region-stockholm","tag-348","tag-eid","tag-eid-al-adha","tag-eidfirande","tag-gemenskap","tag-gladje","tag-gront","tag-juli","tag-kunskap","tag-lekar","tag-park","tag-roligt","tag-samarbete","tag-sommar","tag-sondag","tag-sport"],"jetpack_publicize_connections":[],"jetpack_featured_media_url":"https:\/\/muslimerforfred.org\/sv\/wp-content\/uploads\/2022\/07\/politik-och-paverkan-St.png","jetpack_sharing_enabled":true,"jetpack_shortlink":"https:\/\/wp.me\/paU9CB-59r","_links":{"self":[{"href":"https:\/\/muslimerforfred.org\/sv\/wp-json\/wp\/v2\/posts\/19805","targetHints":{"allow":["GET"]}}],"collection":[{"href":"https:\/\/muslimerforfred.org\/sv\/wp-json\/wp\/v2\/posts"}],"about":[{"href":"https:\/\/muslimerforfred.org\/sv\/wp-json\/wp\/v2\/types\/post"}],"author":[{"embeddable":true,"href":"https:\/\/muslimerforfred.org\/sv\/wp-json\/wp\/v2\/users\/17"}],"replies":[{"embeddable":true,"href":"https:\/\/muslimerforfred.org\/sv\/wp-json\/wp\/v2\/comments?post=19805"}],"version-history":[{"count":1,"href":"https:\/\/muslimerforfred.org\/sv\/wp-json\/wp\/v2\/posts\/19805\/revisions"}],"predecessor-version":[{"id":19807,"href":"https:\/\/muslimerforfred.org\/sv\/wp-json\/wp\/v2\/posts\/19805\/revisions\/19807"}],"wp:featuredmedia":[{"embeddable":true,"href":"https:\/\/muslimerforfred.org\/sv\/wp-json\/wp\/v2\/media\/19806"}],"wp:attachment":[{"href":"https:\/\/muslimerforfred.org\/sv\/wp-json\/wp\/v2\/media?parent=19805"}],"wp:term":[{"taxonomy":"category","embeddable":true,"href":"https:\/\/muslimerforfred.org\/sv\/wp-json\/wp\/v2\/categories?post=19805"},{"taxonomy":"post_tag","embeddable":true,"href":"https:\/\/muslimerforfred.org\/sv\/wp-json\/wp\/v2\/tags?post=19805"}],"curies":[{"name":"wp","href":"https:\/\/api.w.org\/{rel}","templated":true}]}}