{"id":19500,"date":"2021-11-11T00:20:20","date_gmt":"2021-11-10T23:20:20","guid":{"rendered":"https:\/\/muslimerforfred.org\/sv\/?p=19500"},"modified":"2021-11-11T00:20:20","modified_gmt":"2021-11-10T23:20:20","slug":"region-stockholm-konferens-2021-forebild-och-vagledning","status":"publish","type":"post","link":"https:\/\/muslimerforfred.org\/sv\/region-stockholm-konferens-2021-forebild-och-vagledning\/","title":{"rendered":"Region Stockholm Konferens 2021 &#8211; F\u00f6rebild och V\u00e4gledning"},"content":{"rendered":"<div class=\"kvgmc6g5 cxmmr5t8 oygrvhab hcukyx3x c1et5uql\">\ud835\udc68\ud835\udc94\ud835\udc94\ud835\udc82\ud835\udc8d\ud835\udc82\ud835\udc8e\ud835\udc96 \ud835\udc82\ud835\udc8d\ud835\udc82\ud835\udc9a\ud835\udc8c\ud835\udc96\ud835\udc8e\/\ud835\udc6d\ud835\udc93\ud835\udc86\ud835\udc85\ud835\udc8d\ud835\udc8a\ud835\udc88\ud835\udc82 \ud835\udc89\ud835\udc82\u0308\ud835\udc8d\ud835\udc94\ud835\udc8f\ud835\udc8a\ud835\udc8f\ud835\udc88\ud835\udc82\ud835\udc93!<\/div>\n<div class=\"o9v6fnle cxmmr5t8 oygrvhab hcukyx3x c1et5uql\">\u00c4ntligen \u00e4r det dags f\u00f6r Stockholm-konferensen, Alhamdulillah!<\/div>\n<div class=\"o9v6fnle cxmmr5t8 oygrvhab hcukyx3x c1et5uql\">\u00c5rets tema \u00e4r &#8221;\ud835\udc6d\ud835\udc90\u0308\ud835\udc93\ud835\udc86\ud835\udc83\ud835\udc8a\ud835\udc8d\ud835\udc85 \ud835\udc90\ud835\udc84\ud835\udc89 \ud835\udc7d\ud835\udc82\u0308\ud835\udc88\ud835\udc8d\ud835\udc86\ud835\udc85\ud835\udc8f\ud835\udc8a\ud835\udc8f\ud835\udc88&#8221;.<\/div>\n<div class=\"o9v6fnle cxmmr5t8 oygrvhab hcukyx3x c1et5uql\">Vad k\u00e4nnetecknar en f\u00f6rebild som hj\u00e4lper dig att komma n\u00e4rmare Gud?<\/div>\n<div class=\"o9v6fnle cxmmr5t8 oygrvhab hcukyx3x c1et5uql\"><\/div>\n<div class=\"o9v6fnle cxmmr5t8 oygrvhab hcukyx3x c1et5uql\">V\u00e4lkommen till \u00e5rets h\u00f6jdpunkt! En fullsp\u00e4ckad dag med inspirerande f\u00f6rel\u00e4sningar och gott umg\u00e4nge! Dagen inleds med f\u00f6rel\u00e4sning av Sheikh Salahuddin Barakat om \u201cS\u00e4ndebudet och skriften\u201d som kommer behandla Profeten \ufdfa f\u00f6rverkligande av Koranen. Vidare kommer Ustadh Yasri Khan att prata om \u201cSamtidens utmaningar\u201d och belysa hur vi kan navigera oss i den kontext vi befinner oss i. Slutligen kommer Ustadh Albin Jonsson att dela med sig av sin kunskapsresa och hur han identifierat f\u00f6rebilder i sitt n\u00e4rmade till Gud.<\/div>\n<div class=\"o9v6fnle cxmmr5t8 oygrvhab hcukyx3x c1et5uql\"><\/div>\n<div class=\"o9v6fnle cxmmr5t8 oygrvhab hcukyx3x c1et5uql\">Konferensen som helhet kommer inshAllah, besvara bland annat f\u00f6ljande fr\u00e5gest\u00e4llningar:<\/div>\n<div class=\"o9v6fnle cxmmr5t8 oygrvhab hcukyx3x c1et5uql\">&#8211; Vilka personer skall vi ha som f\u00f6rebilder och str\u00e4va i att efterlikna i v\u00e5rt n\u00e4rmande till Gud?<\/div>\n<div class=\"o9v6fnle cxmmr5t8 oygrvhab hcukyx3x c1et5uql\">&#8211; Hur kan vi avg\u00f6ra att metoden vi anv\u00e4nder f\u00f6r kunskapsinh\u00e4mtning \u00e4r legitim?<\/div>\n<div class=\"o9v6fnle cxmmr5t8 oygrvhab hcukyx3x c1et5uql\">&#8211; Vem kan vi v\u00e4nda oss till f\u00f6r st\u00f6d och v\u00e4gledning kring existentiella tankar?<\/div>\n<div class=\"o9v6fnle cxmmr5t8 oygrvhab hcukyx3x c1et5uql\"><\/div>\n<div class=\"o9v6fnle cxmmr5t8 oygrvhab hcukyx3x c1et5uql\">M\u00e5 Allah sk\u00e4nka oss v\u00e4gledning och nyttig kunskap!<\/div>\n<div class=\"o9v6fnle cxmmr5t8 oygrvhab hcukyx3x c1et5uql\"><\/div>\n<div class=\"o9v6fnle cxmmr5t8 oygrvhab hcukyx3x c1et5uql\">Vi ses p\u00e5 konferensen p\u00e5 l\u00f6rdag, den 20 november, inshAllah!<\/div>\n<div class=\"o9v6fnle cxmmr5t8 oygrvhab hcukyx3x c1et5uql\"><\/div>\n<div class=\"o9v6fnle cxmmr5t8 oygrvhab hcukyx3x c1et5uql\">\ud835\ude3c\ud835\ude63\ud835\ude62\ud835\ude56\u0308\ud835\ude61\ud835\ude63\ud835\ude5e\ud835\ude63\ud835\ude5c\ud835\ude68\ud835\ude5b\ud835\ude64\ud835\ude67\ud835\ude62\ud835\ude6a\ud835\ude61\ud835\ude56\u0308\ud835\ude67:\u00a0<a class=\"oajrlxb2 g5ia77u1 qu0x051f esr5mh6w e9989ue4 r7d6kgcz rq0escxv nhd2j8a9 nc684nl6 p7hjln8o kvgmc6g5 cxmmr5t8 oygrvhab hcukyx3x jb3vyjys rz4wbd8a qt6c0cv9 a8nywdso i1ao9s8h esuyzwwr f1sip0of lzcic4wl py34i1dx gpro0wi8\" role=\"link\" href=\"https:\/\/l.facebook.com\/l.php?u=https%3A%2F%2Fforms.gle%2FUtRdNKWyM3su3zVv9%3Ffbclid%3DIwAR3j-5-xXEGO8ImNhrNSr2F5npQYQcXav3C8yhAkEMt8Ny89LDuKPXWBekk&amp;h=AT1tFJ6NTlOSYzrv-k3M3DxR-b6HNs2FOY8TPlEHLxaSsWbXY5k61YVM_z9KzAmxWprR9uGN46FnB2FXQ9u3t9w4KccDx_D5ZkHnuJudubFRhQfbEbyC6AQL7wsjjT-BVTYL&amp;__tn__=q&amp;c[0]=AT3wlkO4dodqdt-PCG1vLTU-_7uD2uI5xg0h9YlETcNj62ePew1fcnCNTq62dNV72r7pWXqmEu-ZEJVSvJVXxt5e67xNLgAWfZDx9SHsjGD1jjKEhOkVMAYpykTmy_3JWfroT0DnX0htSKg-4SpTlP6J\" target=\"_blank\" rel=\"nofollow noopener\">https:\/\/forms.gle\/UtRdNKWyM3su3zVv9<\/a><\/div>\n<div class=\"o9v6fnle cxmmr5t8 oygrvhab hcukyx3x c1et5uql\"><\/div>\n<div class=\"o9v6fnle cxmmr5t8 oygrvhab hcukyx3x c1et5uql\">\ud835\udc6e\ud835\udc82\u0308\ud835\udc94\ud835\udc95\ud835\udc86\ud835\udc93:<\/div>\n<div class=\"o9v6fnle cxmmr5t8 oygrvhab hcukyx3x c1et5uql\">&#8211; \ud835\udc7a\ud835\udc89\ud835\udc86\ud835\udc8a\ud835\udc8c\ud835\udc89 \ud835\udc7a\ud835\udc82\ud835\udc8d\ud835\udc82\ud835\udc89\ud835\udc96\ud835\udc85\ud835\udc85\ud835\udc8a\ud835\udc8f \ud835\udc69\ud835\udc82\ud835\udc93\ud835\udc82\ud835\udc8c\ud835\udc82\ud835\udc95, grundaren av Islamakademin och en av de fr\u00e4msta svenskspr\u00e5kiga l\u00e4rda i Sverige som studerat under n\u00e5gra av v\u00e5r tids giganter i kunskap i bland annat Tarim och Turkiet. Han sitter \u00e4ven med i Muslimska Freds relig\u00f6sa r\u00e5d.<\/div>\n<div class=\"o9v6fnle cxmmr5t8 oygrvhab hcukyx3x c1et5uql\">&#8211; \ud835\udc7c\ud835\udc94\ud835\udc95\ud835\udc82\ud835\udc85\ud835\udc89 \ud835\udc80\ud835\udc82\ud835\udc94\ud835\udc93\ud835\udc8a \ud835\udc72\ud835\udc89\ud835\udc82\ud835\udc8f, arkitekten bakom Muslimska fredsr\u00f6relsen, liksom dess Generalsekreterare. Han besitter gedigen kunskap inom en rad olika \u00e4mnen bland annat psykologi, islamisk v\u00e4rldsbild och statsvetenskap.<\/div>\n<div class=\"o9v6fnle cxmmr5t8 oygrvhab hcukyx3x c1et5uql\">&#8211; \ud835\udc7c\ud835\udc94\ud835\udc95\ud835\udc82\ud835\udc85\ud835\udc89 \ud835\udc68\ud835\udc8d\ud835\udc83\ud835\udc8a\ud835\udc8f \ud835\udc71\ud835\udc90\ud835\udc8f\ud835\udc94\ud835\udc94\ud835\udc90\ud835\udc8f, jobbar som verksamhetsutvecklare i Muslimska fredsr\u00f6relsen och \u00e4r ordf\u00f6rande f\u00f6r region S\u00f6dermanland. Han har studerat islam i Sverige i flera \u00e5r med bland annat Sheikh Salahuddin Barakat och i Muslimska fredsr\u00f6relsen.<\/div>\n<div class=\"o9v6fnle cxmmr5t8 oygrvhab hcukyx3x c1et5uql\"><\/div>\n<div class=\"o9v6fnle cxmmr5t8 oygrvhab hcukyx3x c1et5uql\">\ud835\udc70\ud835\udc8f\ud835\udc95\ud835\udc93\ud835\udc82\u0308\ud835\udc85\ud835\udc86\ud835\udc94\ud835\udc82\ud835\udc97\ud835\udc88\ud835\udc8a\ud835\udc87\ud835\udc95:<\/div>\n<div class=\"o9v6fnle cxmmr5t8 oygrvhab hcukyx3x c1et5uql\">Medlem 100kr | Icke medlem 150kr | \ud835\udc73\ud835\udc96\ud835\udc8f\ud835\udc84\ud835\udc89 \ud835\udc70\ud835\udc8f\ud835\udc88\ud835\udc82\u030a\ud835\udc93 | Fika kan k\u00f6pas p\u00e5 plats<\/div>\n<div class=\"o9v6fnle cxmmr5t8 oygrvhab hcukyx3x c1et5uql\">\ud835\udc74\ud835\udc96\ud835\udc94\ud835\udc8d\ud835\udc8a\ud835\udc8e\ud835\udc94\ud835\udc8c\ud835\udc82 \ud835\udc6d\ud835\udc93\ud835\udc86\ud835\udc85\ud835\udc94 \ud835\udc7a\ud835\udc98\ud835\udc8a\ud835\udc94\ud835\udc89: 123 501 51 85<\/div>\n<div class=\"o9v6fnle cxmmr5t8 oygrvhab hcukyx3x c1et5uql\">\ud835\udc74\ud835\udc86\ud835\udc85\ud835\udc85\ud835\udc86\ud835\udc8d\ud835\udc82 kontaktperson n\u00e4r avgiften \u00e4r betald med en bild.<\/div>\n<div class=\"o9v6fnle cxmmr5t8 oygrvhab hcukyx3x c1et5uql\">\ud835\ude3c\ud835\ude63\ud835\ude62\ud835\ude56\u0308\ud835\ude61\ud835\ude63\ud835\ude5e\ud835\ude63\ud835\ude5c\ud835\ude68\ud835\ude5b\ud835\ude64\ud835\ude67\ud835\ude62\ud835\ude6a\ud835\ude61\ud835\ude56\u0308\ud835\ude67:\u00a0<a class=\"oajrlxb2 g5ia77u1 qu0x051f esr5mh6w e9989ue4 r7d6kgcz rq0escxv nhd2j8a9 nc684nl6 p7hjln8o kvgmc6g5 cxmmr5t8 oygrvhab hcukyx3x jb3vyjys rz4wbd8a qt6c0cv9 a8nywdso i1ao9s8h esuyzwwr f1sip0of lzcic4wl py34i1dx gpro0wi8\" role=\"link\" href=\"https:\/\/l.facebook.com\/l.php?u=https%3A%2F%2Fforms.gle%2FUtRdNKWyM3su3zVv9%3Ffbclid%3DIwAR3j-5-xXEGO8ImNhrNSr2F5npQYQcXav3C8yhAkEMt8Ny89LDuKPXWBekk&amp;h=AT1tFJ6NTlOSYzrv-k3M3DxR-b6HNs2FOY8TPlEHLxaSsWbXY5k61YVM_z9KzAmxWprR9uGN46FnB2FXQ9u3t9w4KccDx_D5ZkHnuJudubFRhQfbEbyC6AQL7wsjjT-BVTYL&amp;__tn__=q&amp;c[0]=AT3wlkO4dodqdt-PCG1vLTU-_7uD2uI5xg0h9YlETcNj62ePew1fcnCNTq62dNV72r7pWXqmEu-ZEJVSvJVXxt5e67xNLgAWfZDx9SHsjGD1jjKEhOkVMAYpykTmy_3JWfroT0DnX0htSKg-4SpTlP6J\" target=\"_blank\" rel=\"nofollow noopener\">https:\/\/forms.gle\/UtRdNKWyM3su3zVv9<\/a><\/div>\n<div class=\"o9v6fnle cxmmr5t8 oygrvhab hcukyx3x c1et5uql\"><\/div>\n<div class=\"o9v6fnle cxmmr5t8 oygrvhab hcukyx3x c1et5uql\">\ud835\udc76\ud835\udc69\ud835\udc7a! Schema meddelas n\u00e4rmare konferensdagen, kom i god tid om du vill sitta n\u00e4rmast scenen. Vi kommer att utf\u00f6ra de dagliga b\u00f6nerna tillsammans inshaAllah.<\/div>\n<div class=\"o9v6fnle cxmmr5t8 oygrvhab hcukyx3x c1et5uql\"><\/div>\n<div class=\"o9v6fnle cxmmr5t8 oygrvhab hcukyx3x c1et5uql\">\ud835\udc72\ud835\udc90\ud835\udc8f\ud835\udc95\ud835\udc82\ud835\udc8c\ud835\udc95\ud835\udc91\ud835\udc86\ud835\udc93\ud835\udc94\ud835\udc90\ud835\udc8f: Ibrahim Pohniluemaeh<br \/>\n\ud835\udc74\ud835\udc82\ud835\udc8a\ud835\udc8d: ibrahim.pohniluemaeh@muslimerforfred.org<br \/>\n\ud835\udc7b\ud835\udc86\ud835\udc8d \ud835\udc8f\ud835\udc93: 076 704 61 03<\/div>\n<div class=\"o9v6fnle cxmmr5t8 oygrvhab hcukyx3x c1et5uql\"><\/div>\n<div class=\"o9v6fnle cxmmr5t8 oygrvhab hcukyx3x c1et5uql\">\ud835\udc6b\ud835\udc82\ud835\udc95\ud835\udc96\ud835\udc8e: L\u00f6rdag 20 November<br \/>\n\ud835\udc7b\ud835\udc8a\ud835\udc85: kl. 10.30-18.00<br \/>\n\ud835\udc77\ud835\udc8d\ud835\udc82\ud835\udc95\ud835\udc94: Amorinasalen, Aniaraplatsen 2, Pendelt\u00e5g &#8211; Sollentuna station<\/div>\n<div class=\"o9v6fnle cxmmr5t8 oygrvhab hcukyx3x c1et5uql\"><\/div>\n<div class=\"o9v6fnle cxmmr5t8 oygrvhab hcukyx3x c1et5uql\">\ud835\udc77\ud835\udc7a! Du som vill bli aktiv inom den Muslimska Fredsr\u00f6relsen har m\u00f6jlighet att g\u00f6ra det genom att delta p\u00e5 rollf\u00f6rmedling som sker online varje onsdag 18:00-20:00. Anm\u00e4l dig till rollf\u00f6rmedlingen p\u00e5: rollformedlingen@muslimerforfred.org<\/div>\n","protected":false},"excerpt":{"rendered":"<p>\ud835\udc68\ud835\udc94\ud835\udc94\ud835\udc82\ud835\udc8d\ud835\udc82\ud835\udc8e\ud835\udc96 \ud835\udc82\ud835\udc8d\ud835\udc82\ud835\udc9a\ud835\udc8c\ud835\udc96\ud835\udc8e\/\ud835\udc6d\ud835\udc93\ud835\udc86\ud835\udc85\ud835\udc8d\ud835\udc8a\ud835\udc88\ud835\udc82 \ud835\udc89\ud835\udc82\u0308\ud835\udc8d\ud835\udc94\ud835\udc8f\ud835\udc8a\ud835\udc8f\ud835\udc88\ud835\udc82\ud835\udc93! \u00c4ntligen \u00e4r det dags f\u00f6r Stockholm-konferensen, Alhamdulillah! \u00c5rets tema \u00e4r &#8221;\ud835\udc6d\ud835\udc90\u0308\ud835\udc93\ud835\udc86\ud835\udc83\ud835\udc8a\ud835\udc8d\ud835\udc85 \ud835\udc90\ud835\udc84\ud835\udc89 \ud835\udc7d\ud835\udc82\u0308\ud835\udc88\ud835\udc8d\ud835\udc86\ud835\udc85\ud835\udc8f\ud835\udc8a\ud835\udc8f\ud835\udc88&#8221;. Vad k\u00e4nnetecknar en f\u00f6rebild som hj\u00e4lper dig att komma n\u00e4rmare Gud? V\u00e4lkommen till \u00e5rets h\u00f6jdpunkt! En fullsp\u00e4ckad dag med inspirerande f\u00f6rel\u00e4sningar och gott umg\u00e4nge! Dagen inleds med f\u00f6rel\u00e4sning av Sheikh Salahuddin Barakat om \u201cS\u00e4ndebudet och skriften\u201d som kommer behandla&hellip; <br \/> <a class=\"read-more\" href=\"https:\/\/muslimerforfred.org\/sv\/region-stockholm-konferens-2021-forebild-och-vagledning\/\">L\u00e4s mer<\/a><\/p>\n","protected":false},"author":17,"featured_media":19501,"comment_status":"closed","ping_status":"open","sticky":false,"template":"","format":"standard","meta":{"jetpack_post_was_ever_published":false,"_jetpack_newsletter_access":"","_jetpack_dont_email_post_to_subs":false,"_jetpack_newsletter_tier_id":0,"_jetpack_memberships_contains_paywalled_content":false,"_jetpack_memberships_contains_paid_content":false,"footnotes":"","jetpack_publicize_message":"","jetpack_publicize_feature_enabled":true,"jetpack_social_post_already_shared":true,"jetpack_social_options":{"image_generator_settings":{"template":"highway","default_image_id":0,"font":"","enabled":false},"version":2}},"categories":[2,78,81,72,82,24,83],"tags":[263,127,111,288,166,276,279,257,159,254,275,260,253,163,258,102,97,266,165,272,292,289,209,285,280,161,252,114,105,157,283,271,274,273,255,101,109,262,113,256,160,195,282,281,291,286,268,290,277,278,98,259,265,284,238,264,267,261,287,167,269,270],"class_list":["post-19500","post","type-post","status-publish","format-standard","has-post-thumbnail","hentry","category-event","category-jarva","category-norra-stockholm","category-region-stockholm","category-sodra-stockholm","category-stockholm-city","category-vastra-stockholm","tag-263","tag-127","tag-aktivitet","tag-alhamdulillah","tag-allah","tag-amorinasalen","tag-aniaraplatsen-2","tag-berattelse","tag-diskussion","tag-event","tag-fika","tag-folja","tag-forebild","tag-forelasning","tag-fragor","tag-fredsarbete","tag-gemenskap","tag-gott","tag-gud","tag-helg","tag-indvid","tag-inshallah","tag-inspiration","tag-islamakademin","tag-islamisk-varldsbi","tag-islamisk-varldsbild","tag-konferens","tag-koran","tag-kul","tag-kunskap","tag-larda","tag-lordag","tag-lunch","tag-medlemskap","tag-medvetenhet","tag-muslimer","tag-muslimska-freds","tag-november","tag-organisation","tag-personlig","tag-reflektion","tag-region-stockholm","tag-religion","tag-religos","tag-samhallet","tag-sensus","tag-sheikh-salahuddin-barakat","tag-skapelsen","tag-sollentuna","tag-station","tag-stockholm","tag-svar","tag-svenska-muslimer","tag-sverige","tag-tanka","tag-tema","tag-umgange","tag-upplevelse","tag-utmaning","tag-vagledning","tag-yasri-khan","tag-270"],"jetpack_publicize_connections":[],"jetpack_featured_media_url":"https:\/\/muslimerforfred.org\/sv\/wp-content\/uploads\/2021\/11\/1a.jpg","jetpack_sharing_enabled":true,"jetpack_shortlink":"https:\/\/wp.me\/paU9CB-54w","_links":{"self":[{"href":"https:\/\/muslimerforfred.org\/sv\/wp-json\/wp\/v2\/posts\/19500","targetHints":{"allow":["GET"]}}],"collection":[{"href":"https:\/\/muslimerforfred.org\/sv\/wp-json\/wp\/v2\/posts"}],"about":[{"href":"https:\/\/muslimerforfred.org\/sv\/wp-json\/wp\/v2\/types\/post"}],"author":[{"embeddable":true,"href":"https:\/\/muslimerforfred.org\/sv\/wp-json\/wp\/v2\/users\/17"}],"replies":[{"embeddable":true,"href":"https:\/\/muslimerforfred.org\/sv\/wp-json\/wp\/v2\/comments?post=19500"}],"version-history":[{"count":1,"href":"https:\/\/muslimerforfred.org\/sv\/wp-json\/wp\/v2\/posts\/19500\/revisions"}],"predecessor-version":[{"id":19502,"href":"https:\/\/muslimerforfred.org\/sv\/wp-json\/wp\/v2\/posts\/19500\/revisions\/19502"}],"wp:featuredmedia":[{"embeddable":true,"href":"https:\/\/muslimerforfred.org\/sv\/wp-json\/wp\/v2\/media\/19501"}],"wp:attachment":[{"href":"https:\/\/muslimerforfred.org\/sv\/wp-json\/wp\/v2\/media?parent=19500"}],"wp:term":[{"taxonomy":"category","embeddable":true,"href":"https:\/\/muslimerforfred.org\/sv\/wp-json\/wp\/v2\/categories?post=19500"},{"taxonomy":"post_tag","embeddable":true,"href":"https:\/\/muslimerforfred.org\/sv\/wp-json\/wp\/v2\/tags?post=19500"}],"curies":[{"name":"wp","href":"https:\/\/api.w.org\/{rel}","templated":true}]}}