{"id":19437,"date":"2021-09-05T15:25:43","date_gmt":"2021-09-05T14:25:43","guid":{"rendered":"https:\/\/muslimerforfred.org\/sv\/?p=19437"},"modified":"2021-09-05T15:25:43","modified_gmt":"2021-09-05T14:25:43","slug":"skrapplockardag","status":"publish","type":"post","link":"https:\/\/muslimerforfred.org\/sv\/skrapplockardag\/","title":{"rendered":"Skr\u00e4pplockardag"},"content":{"rendered":"<div class=\"kvgmc6g5 cxmmr5t8 oygrvhab hcukyx3x c1et5uql\" style=\"text-align: left\">Assalamu alaykum! Fredliga h\u00e4lsningar!<\/div>\n<div class=\"o9v6fnle cxmmr5t8 oygrvhab hcukyx3x c1et5uql\" style=\"text-align: left\">Skr\u00e4pplockning \u00e4r ett initiativ av<br \/>\norganisationen &#8221;H\u00e5ll Sverige Rent&#8221; d\u00e4r personer fr\u00e5n hela<br \/>\nSverige &#8211; Norr som s\u00f6der plockar skr\u00e4p tillsammans.<br \/>\nSMFR V\u00e4st ansluter sig till detta viktiga initiativ, f\u00f6r att under en<br \/>\ndag tillsammans med andra g\u00f6ra en insats f\u00f6r naturen och<br \/>\nsamh\u00e4llet. Vi kommer plocka skr\u00e4p runt svartemossen bel\u00e4get i<br \/>\nBiskopsg\u00e5rden. Man beh\u00f6ver inte ta med sig p\u00e5se eller<br \/>\nhandskar d\u00e5 det kommer erbjudas p\u00e5 plats, dock \u00e4r det starkt<br \/>\nrekommenderat att kl\u00e4 sig i n\u00e5got bekv\u00e4mt f\u00f6r vi kommer r\u00f6ra<br \/>\np\u00e5 oss en del.<\/div>\n<div class=\"o9v6fnle cxmmr5t8 oygrvhab hcukyx3x c1et5uql\" style=\"text-align: left\">Tid: 14:30-18:00<br \/>\nSamlingsplats: Svartemosse, Biskopsg\u00e5rden.<br \/>\nKontakta Higmo vid fr\u00e5gor p\u00e5 Higmo.arif@muslimerforfred.org<\/div>\n","protected":false},"excerpt":{"rendered":"<p>Assalamu alaykum! Fredliga h\u00e4lsningar! Skr\u00e4pplockning \u00e4r ett initiativ av organisationen &#8221;H\u00e5ll Sverige Rent&#8221; d\u00e4r personer fr\u00e5n hela Sverige &#8211; Norr som s\u00f6der plockar skr\u00e4p tillsammans. SMFR V\u00e4st ansluter sig till detta viktiga initiativ, f\u00f6r att under en dag tillsammans med andra g\u00f6ra en insats f\u00f6r naturen och samh\u00e4llet. Vi kommer plocka skr\u00e4p runt svartemossen bel\u00e4get&hellip; <br \/> <a class=\"read-more\" href=\"https:\/\/muslimerforfred.org\/sv\/skrapplockardag\/\">L\u00e4s mer<\/a><\/p>\n","protected":false},"author":21,"featured_media":19438,"comment_status":"closed","ping_status":"open","sticky":false,"template":"","format":"standard","meta":{"jetpack_post_was_ever_published":false,"_jetpack_newsletter_access":"","_jetpack_dont_email_post_to_subs":false,"_jetpack_newsletter_tier_id":0,"_jetpack_memberships_contains_paywalled_content":false,"_jetpack_memberships_contains_paid_content":false,"footnotes":"","jetpack_publicize_message":"","jetpack_publicize_feature_enabled":true,"jetpack_social_post_already_shared":true,"jetpack_social_options":{"image_generator_settings":{"template":"highway","default_image_id":0,"font":"","enabled":false},"version":2}},"categories":[2,73],"tags":[97,224,129,227,223,134,226,109,121,222,225],"class_list":["post-19437","post","type-post","status-publish","format-standard","has-post-thumbnail","hentry","category-event","category-region-vast","tag-gemenskap","tag-gora-gott","tag-goteborg","tag-hall-sverige-rent","tag-miljo-och-klimat","tag-muslimsk-forening","tag-muslimsk-forening-i-goteborg","tag-muslimska-freds","tag-region-vast","tag-skrapplockardag","tag-ta-hand-om-miljon"],"jetpack_publicize_connections":[],"jetpack_featured_media_url":"https:\/\/muslimerforfred.org\/sv\/wp-content\/uploads\/2021\/09\/Folkhalsa.png","jetpack_sharing_enabled":true,"jetpack_shortlink":"https:\/\/wp.me\/paU9CB-53v","_links":{"self":[{"href":"https:\/\/muslimerforfred.org\/sv\/wp-json\/wp\/v2\/posts\/19437","targetHints":{"allow":["GET"]}}],"collection":[{"href":"https:\/\/muslimerforfred.org\/sv\/wp-json\/wp\/v2\/posts"}],"about":[{"href":"https:\/\/muslimerforfred.org\/sv\/wp-json\/wp\/v2\/types\/post"}],"author":[{"embeddable":true,"href":"https:\/\/muslimerforfred.org\/sv\/wp-json\/wp\/v2\/users\/21"}],"replies":[{"embeddable":true,"href":"https:\/\/muslimerforfred.org\/sv\/wp-json\/wp\/v2\/comments?post=19437"}],"version-history":[{"count":1,"href":"https:\/\/muslimerforfred.org\/sv\/wp-json\/wp\/v2\/posts\/19437\/revisions"}],"predecessor-version":[{"id":19439,"href":"https:\/\/muslimerforfred.org\/sv\/wp-json\/wp\/v2\/posts\/19437\/revisions\/19439"}],"wp:featuredmedia":[{"embeddable":true,"href":"https:\/\/muslimerforfred.org\/sv\/wp-json\/wp\/v2\/media\/19438"}],"wp:attachment":[{"href":"https:\/\/muslimerforfred.org\/sv\/wp-json\/wp\/v2\/media?parent=19437"}],"wp:term":[{"taxonomy":"category","embeddable":true,"href":"https:\/\/muslimerforfred.org\/sv\/wp-json\/wp\/v2\/categories?post=19437"},{"taxonomy":"post_tag","embeddable":true,"href":"https:\/\/muslimerforfred.org\/sv\/wp-json\/wp\/v2\/tags?post=19437"}],"curies":[{"name":"wp","href":"https:\/\/api.w.org\/{rel}","templated":true}]}}