{"id":19395,"date":"2021-07-17T10:30:49","date_gmt":"2021-07-17T09:30:49","guid":{"rendered":"https:\/\/muslimerforfred.org\/sv\/?p=19395"},"modified":"2021-08-30T14:24:42","modified_gmt":"2021-08-30T13:24:42","slug":"skogsvandring-och-reflektioner-2","status":"publish","type":"post","link":"https:\/\/muslimerforfred.org\/sv\/skogsvandring-och-reflektioner-2\/","title":{"rendered":"Skogsvandring och reflektioner"},"content":{"rendered":"<div class=\"kvgmc6g5 cxmmr5t8 oygrvhab hcukyx3x c1et5uql\" style=\"text-align: left\">Assalamu aleykum\/Fredliga h\u00e4lsningar!<\/div>\n<div class=\"o9v6fnle cxmmr5t8 oygrvhab hcukyx3x c1et5uql\" style=\"text-align: left\">V\u00e4lkomna till sommarlovets gemensamma aktivitet i samarbete med GUM (G\u00f6teborgs unga muslimer).<\/div>\n<div class=\"o9v6fnle cxmmr5t8 oygrvhab hcukyx3x c1et5uql\" style=\"text-align: left\">Vi kommer att vandra i en av G\u00f6teborgs finaste skogar, l\u00e4ra oss hur man g\u00f6r upp en eld och diskutera den om\u00e5ttligt popul\u00e4ra boken &#8217;Alkemisten&#8217; skriven av Paulo Coelho.<\/div>\n<div class=\"o9v6fnle cxmmr5t8 oygrvhab hcukyx3x c1et5uql\" style=\"text-align: left\">P\u00e5 skogsvandringen kommer deltagarna l\u00e4ra sig hur man g\u00f6r upp en eld och vilken utrustning som \u00e4r viktigt. Vi kommer sedan tillsammans \u00e4ta medhavd mats\u00e4ck och reflektera kring boken &#8221;Alkemisten&#8221; som varit en del av SMFR V\u00e4st sommar bokcirkel. Du beh\u00f6ver inte ha l\u00e4st boken f\u00f6r att delta i skogsvandringen eller i reflektionerna.<\/div>\n<div class=\"o9v6fnle cxmmr5t8 oygrvhab hcukyx3x c1et5uql\" style=\"text-align: left\">Det \u00e4r begr\u00e4nsat antal platser och f\u00f6rst till kvarn g\u00e4ller. Du kan anm\u00e4la dig genom denna l\u00e4nk: <a class=\"oajrlxb2 g5ia77u1 qu0x051f esr5mh6w e9989ue4 r7d6kgcz rq0escxv nhd2j8a9 nc684nl6 p7hjln8o kvgmc6g5 cxmmr5t8 oygrvhab hcukyx3x jb3vyjys rz4wbd8a qt6c0cv9 a8nywdso i1ao9s8h esuyzwwr f1sip0of lzcic4wl py34i1dx gpro0wi8\" role=\"link\" href=\"https:\/\/forms.gle\/ZSwAw8H4oUppAzx48?fbclid=IwAR0AFe-82HBTM251qav8fKj79LalfUQoVaJCnECHS5oyjTf4UdpnDsc_Chg\" target=\"_blank\" rel=\"nofollow noopener\">https:\/\/forms.gle\/ZSwAw8H4oUppAzx48<\/a><\/div>\n<div class=\"o9v6fnle cxmmr5t8 oygrvhab hcukyx3x c1et5uql\" style=\"text-align: left\">Du f\u00e5r information om samlingspunkt vid anm\u00e4lning.<\/div>\n<div class=\"o9v6fnle cxmmr5t8 oygrvhab hcukyx3x c1et5uql\" style=\"text-align: left\">OBS! \u00c5ldersgr\u00e4ns 15 \u00e5r d\u00e5 det kommer att anv\u00e4ndas utrustning som inte \u00e4r l\u00e4mpad f\u00f6r yngre n\u00e4r vi g\u00f6r upp eld.<\/div>\n<div class=\"o9v6fnle cxmmr5t8 oygrvhab hcukyx3x c1et5uql\" style=\"text-align: left\">Saker att ta med:<br \/>\n-mats\u00e4ck<br \/>\n-minst 2 liter vatten\/person<br \/>\n-kl\u00e4der som g\u00e5r att r\u00f6ra sig i<br \/>\n-t\u00e5liga skor<\/div>\n<div class=\"o9v6fnle cxmmr5t8 oygrvhab hcukyx3x c1et5uql\" style=\"text-align: left\">Kontaktpersoner:<br \/>\nSabboontu Idris: 0763231359, sabboontu.idris@muslimerforfred.org<br \/>\nAnes Cherigui: 07228882299, goteborgsungamuslimer@gmail.com<\/div>\n","protected":false},"excerpt":{"rendered":"<p>Assalamu aleykum\/Fredliga h\u00e4lsningar! V\u00e4lkomna till sommarlovets gemensamma aktivitet i samarbete med GUM (G\u00f6teborgs unga muslimer). Vi kommer att vandra i en av G\u00f6teborgs finaste skogar, l\u00e4ra oss hur man g\u00f6r upp en eld och diskutera den om\u00e5ttligt popul\u00e4ra boken &#8217;Alkemisten&#8217; skriven av Paulo Coelho. P\u00e5 skogsvandringen kommer deltagarna l\u00e4ra sig hur man g\u00f6r upp en&hellip; <br \/> <a class=\"read-more\" href=\"https:\/\/muslimerforfred.org\/sv\/skogsvandring-och-reflektioner-2\/\">L\u00e4s mer<\/a><\/p>\n","protected":false},"author":21,"featured_media":19396,"comment_status":"closed","ping_status":"open","sticky":false,"template":"","format":"standard","meta":{"jetpack_post_was_ever_published":false,"_jetpack_newsletter_access":"","_jetpack_dont_email_post_to_subs":false,"_jetpack_newsletter_tier_id":0,"_jetpack_memberships_contains_paywalled_content":false,"_jetpack_memberships_contains_paid_content":false,"footnotes":"","jetpack_publicize_message":"","jetpack_publicize_feature_enabled":true,"jetpack_social_post_already_shared":true,"jetpack_social_options":{"image_generator_settings":{"template":"highway","default_image_id":0,"font":"","enabled":false},"version":2}},"categories":[2,73],"tags":[127,111,102,97,103,129,200,148,134,145,109,160,121,199],"class_list":["post-19395","post","type-post","status-publish","format-standard","has-post-thumbnail","hentry","category-event","category-region-vast","tag-127","tag-aktivitet","tag-fredsarbete","tag-gemenskap","tag-gladje","tag-goteborg","tag-gum-och-muslimska-freds","tag-muslimer-i-vast","tag-muslimsk-forening","tag-muslimska-fred-i-goteborg","tag-muslimska-freds","tag-reflektion","tag-region-vast","tag-skogsvandring-och-reflektioner"],"jetpack_publicize_connections":[],"jetpack_featured_media_url":"https:\/\/muslimerforfred.org\/sv\/wp-content\/uploads\/2021\/08\/217413003_4338637622823867_7264023456337508348_n.jpg","jetpack_sharing_enabled":true,"jetpack_shortlink":"https:\/\/wp.me\/paU9CB-52P","_links":{"self":[{"href":"https:\/\/muslimerforfred.org\/sv\/wp-json\/wp\/v2\/posts\/19395","targetHints":{"allow":["GET"]}}],"collection":[{"href":"https:\/\/muslimerforfred.org\/sv\/wp-json\/wp\/v2\/posts"}],"about":[{"href":"https:\/\/muslimerforfred.org\/sv\/wp-json\/wp\/v2\/types\/post"}],"author":[{"embeddable":true,"href":"https:\/\/muslimerforfred.org\/sv\/wp-json\/wp\/v2\/users\/21"}],"replies":[{"embeddable":true,"href":"https:\/\/muslimerforfred.org\/sv\/wp-json\/wp\/v2\/comments?post=19395"}],"version-history":[{"count":1,"href":"https:\/\/muslimerforfred.org\/sv\/wp-json\/wp\/v2\/posts\/19395\/revisions"}],"predecessor-version":[{"id":19397,"href":"https:\/\/muslimerforfred.org\/sv\/wp-json\/wp\/v2\/posts\/19395\/revisions\/19397"}],"wp:featuredmedia":[{"embeddable":true,"href":"https:\/\/muslimerforfred.org\/sv\/wp-json\/wp\/v2\/media\/19396"}],"wp:attachment":[{"href":"https:\/\/muslimerforfred.org\/sv\/wp-json\/wp\/v2\/media?parent=19395"}],"wp:term":[{"taxonomy":"category","embeddable":true,"href":"https:\/\/muslimerforfred.org\/sv\/wp-json\/wp\/v2\/categories?post=19395"},{"taxonomy":"post_tag","embeddable":true,"href":"https:\/\/muslimerforfred.org\/sv\/wp-json\/wp\/v2\/tags?post=19395"}],"curies":[{"name":"wp","href":"https:\/\/api.w.org\/{rel}","templated":true}]}}