{"id":19304,"date":"2021-07-24T11:28:01","date_gmt":"2021-07-24T10:28:01","guid":{"rendered":"https:\/\/muslimerforfred.org\/sv\/?p=19304"},"modified":"2021-08-26T11:30:24","modified_gmt":"2021-08-26T10:30:24","slug":"eidfirande-och-grillning-med-smfr-region-vast","status":"publish","type":"post","link":"https:\/\/muslimerforfred.org\/sv\/eidfirande-och-grillning-med-smfr-region-vast\/","title":{"rendered":"Eidfirande och grillning med SMFR Region V\u00e4st"},"content":{"rendered":"<div class=\"kvgmc6g5 cxmmr5t8 oygrvhab hcukyx3x c1et5uql\">Assalam aleikum\/Fredliga ha\u0308lsningar!<\/div>\n<div class=\"o9v6fnle cxmmr5t8 oygrvhab hcukyx3x c1et5uql\">Kom och fira Eid med oss! Vi bjuder pa\u030a kanotpaddling, grill och sja\u0308lvklart ha\u0308rligt umga\u0308nge.<\/div>\n<div class=\"o9v6fnle cxmmr5t8 oygrvhab hcukyx3x c1et5uql\">Vi kommer ha tillg\u00e5ng till en kanot samt flytv\u00e4star som vi f\u00e5r turas om att ta en runda med inshallah. Vi kommer ta med oss kubb och annat kul f\u00f6r att f\u00f6rgylla dagen med. Uto\u0308ver detta kommer vi grilla gott ka\u0308k och bara ha det g\u00f6tt!<\/div>\n<div class=\"o9v6fnle cxmmr5t8 oygrvhab hcukyx3x c1et5uql\">Vi samlas i Va\u0308ttlefja\u0308llstugan (Kryddnejlikegatan 9) och d\u00e4refter promenerar vi cirka 300 meter till det st\u00e4llet vi ska vara.<\/div>\n<div class=\"o9v6fnle cxmmr5t8 oygrvhab hcukyx3x c1et5uql\">Du beho\u0308ver inte ta med na\u030agonting, vi bjuder p\u00e5 kanotpaddling och mat.<\/div>\n<div class=\"o9v6fnle cxmmr5t8 oygrvhab hcukyx3x c1et5uql\">V\u00e4lkommen!<\/div>\n<div class=\"o9v6fnle cxmmr5t8 oygrvhab hcukyx3x c1et5uql\">Kontaktperson: Samuel (0728813238)<br \/>\nPlats: Kryddnejlikegatan 9<br \/>\nTid: 12-17<br \/>\nDatum: 24\/7<\/div>\n","protected":false},"excerpt":{"rendered":"<p>Assalam aleikum\/Fredliga ha\u0308lsningar! Kom och fira Eid med oss! Vi bjuder pa\u030a kanotpaddling, grill och sja\u0308lvklart ha\u0308rligt umga\u0308nge. Vi kommer ha tillg\u00e5ng till en kanot samt flytv\u00e4star som vi f\u00e5r turas om att ta en runda med inshallah. Vi kommer ta med oss kubb och annat kul f\u00f6r att f\u00f6rgylla dagen med. Uto\u0308ver detta kommer&hellip; <br \/> <a class=\"read-more\" href=\"https:\/\/muslimerforfred.org\/sv\/eidfirande-och-grillning-med-smfr-region-vast\/\">L\u00e4s mer<\/a><\/p>\n","protected":false},"author":17,"featured_media":19305,"comment_status":"closed","ping_status":"open","sticky":false,"template":"","format":"standard","meta":{"jetpack_post_was_ever_published":false,"_jetpack_newsletter_access":"","_jetpack_dont_email_post_to_subs":false,"_jetpack_newsletter_tier_id":0,"_jetpack_memberships_contains_paywalled_content":false,"_jetpack_memberships_contains_paid_content":false,"footnotes":"","jetpack_publicize_message":"","jetpack_publicize_feature_enabled":true,"jetpack_social_post_already_shared":true,"jetpack_social_options":{"image_generator_settings":{"template":"highway","default_image_id":0,"font":"","enabled":false},"version":2}},"categories":[73],"tags":[168,169,97,103,129,177],"class_list":["post-19304","post","type-post","status-publish","format-standard","has-post-thumbnail","hentry","category-region-vast","tag-eid","tag-firande","tag-gemenskap","tag-gladje","tag-goteborg","tag-paddling"],"jetpack_publicize_connections":[],"jetpack_featured_media_url":"https:\/\/muslimerforfred.org\/sv\/wp-content\/uploads\/2021\/08\/N1-3.jpg","jetpack_sharing_enabled":true,"jetpack_shortlink":"https:\/\/wp.me\/paU9CB-51m","_links":{"self":[{"href":"https:\/\/muslimerforfred.org\/sv\/wp-json\/wp\/v2\/posts\/19304","targetHints":{"allow":["GET"]}}],"collection":[{"href":"https:\/\/muslimerforfred.org\/sv\/wp-json\/wp\/v2\/posts"}],"about":[{"href":"https:\/\/muslimerforfred.org\/sv\/wp-json\/wp\/v2\/types\/post"}],"author":[{"embeddable":true,"href":"https:\/\/muslimerforfred.org\/sv\/wp-json\/wp\/v2\/users\/17"}],"replies":[{"embeddable":true,"href":"https:\/\/muslimerforfred.org\/sv\/wp-json\/wp\/v2\/comments?post=19304"}],"version-history":[{"count":1,"href":"https:\/\/muslimerforfred.org\/sv\/wp-json\/wp\/v2\/posts\/19304\/revisions"}],"predecessor-version":[{"id":19306,"href":"https:\/\/muslimerforfred.org\/sv\/wp-json\/wp\/v2\/posts\/19304\/revisions\/19306"}],"wp:featuredmedia":[{"embeddable":true,"href":"https:\/\/muslimerforfred.org\/sv\/wp-json\/wp\/v2\/media\/19305"}],"wp:attachment":[{"href":"https:\/\/muslimerforfred.org\/sv\/wp-json\/wp\/v2\/media?parent=19304"}],"wp:term":[{"taxonomy":"category","embeddable":true,"href":"https:\/\/muslimerforfred.org\/sv\/wp-json\/wp\/v2\/categories?post=19304"},{"taxonomy":"post_tag","embeddable":true,"href":"https:\/\/muslimerforfred.org\/sv\/wp-json\/wp\/v2\/tags?post=19304"}],"curies":[{"name":"wp","href":"https:\/\/api.w.org\/{rel}","templated":true}]}}