{"id":18706,"date":"2020-07-02T16:08:56","date_gmt":"2020-07-02T15:08:56","guid":{"rendered":"https:\/\/muslimerforfred.org\/sv\/?p=18706"},"modified":"2020-07-02T16:08:56","modified_gmt":"2020-07-02T15:08:56","slug":"cykla-med-muslimska-fredsrorelsen","status":"publish","type":"post","link":"https:\/\/muslimerforfred.org\/sv\/cykla-med-muslimska-fredsrorelsen\/","title":{"rendered":"Cykla med muslimska fredsr\u00f6relsen!"},"content":{"rendered":"<div class=\"kvgmc6g5 cxmmr5t8 oygrvhab hcukyx3x c1et5uql\">Assalamu alaykom och varmt v\u00e4lkommen till sommarens f\u00f6rsta<br \/>\ngemensamma cykeltur!<\/div>\n<div class=\"o9v6fnle cxmmr5t8 oygrvhab hcukyx3x c1et5uql\">Ett av de b\u00e4sta s\u00e4tten att avnjuta sommaren p\u00e5 och uppt\u00e4cka<br \/>\nStockholms sk\u00f6nhet \u00e4r genom cykling.* S\u00e5 varf\u00f6r inte g\u00f6ra b\u00e5de<br \/>\noch p\u00e5 en och samma g\u00e5ng? Tillsammans med ett sk\u00f6n-sk\u00f6nt<br \/>\ng\u00e4ng kommer du att trampa dig fram p\u00e5 Stockholms gator med<br \/>\nstart fr\u00e5n Kungstr\u00e4dg\u00e5rden. Under cykelturen kommer vi g\u00f6ra<br \/>\nett glassigt stopp f\u00f6r att kyla ner innan vi forts\u00e4tter vidare p\u00e5<br \/>\ncykel\u00e4ventyret. F\u00f6rutom cykling kommer vi att samtala och<br \/>\nreflektera \u00f6ver skapelsen runt omkring oss f\u00f6r att tr\u00e4na och ge<br \/>\nn\u00e4ring till b\u00e5de kropp och sj\u00e4l.<\/div>\n<div class=\"o9v6fnle cxmmr5t8 oygrvhab hcukyx3x c1et5uql\">Det g\u00e5r bra att h\u00e4mta med egen cykel. Bor du utanf\u00f6r stan kan<br \/>\ndu h\u00e4mta cykeln med pendelt\u00e5g till Odenplan och cykla till<br \/>\nKungstr\u00e4dg\u00e5rden (ca 8 min). OBS att du beh\u00f6ver vara framme<br \/>\ninnan 15:00 ifall du tar med cykeln p\u00e5 pendeln d\u00e5 det inte \u00e4r<br \/>\ntill\u00e5tet att ha cykeln p\u00e5 pendeln mellan 15:00-18:00.<\/div>\n<div class=\"o9v6fnle cxmmr5t8 oygrvhab hcukyx3x c1et5uql\">Har du inte m\u00f6jlighet att h\u00e4mta en egen cykel finns det cyklar att hyra i omr\u00e5det.<\/div>\n<div class=\"o9v6fnle cxmmr5t8 oygrvhab hcukyx3x c1et5uql\">\nAlternativ 1: City Bikes, kostar 165 kr. Uthyrningen g\u00e4ller i 3 dagar, 3 timmar \u00e5t g\u00e5ngen. F\u00f6r mer info:<br \/>\n<a class=\"oajrlxb2 g5ia77u1 qu0x051f esr5mh6w e9989ue4 r7d6kgcz rq0escxv nhd2j8a9 nc684nl6 p7hjln8o kvgmc6g5 cxmmr5t8 oygrvhab hcukyx3x jb3vyjys rz4wbd8a qt6c0cv9 a8nywdso i1ao9s8h esuyzwwr f1sip0of lzcic4wl py34i1dx gpro0wi8\" tabindex=\"0\" role=\"link\" href=\"https:\/\/l.facebook.com\/l.php?u=https%3A%2F%2Fviewstockholm.com%2Fsv%2Fcykla-stockholm-city-bikes%2F%3Ffbclid%3DIwAR1oR7EfHlz5EUHIy4qtCSoH9fiGZ377srHLhH0JXjCB41LLq2gYj2Xe76U&amp;h=AT1o7WqkrXXjQ8lpyM3S2b_K-fkebfQKAvgciWtNpjaIZtJH617xBioH21XG6s8zyqrEc6adzmgm2idJX8Zu6RpZi4dBW0Wd83XlPAeUoeqQu67Sl99xivqM5AigfvD1_AUS\" target=\"_blank\" rel=\"nofollow noopener noreferrer\">https:\/\/viewstockholm.com\/sv\/cykla-stockholm-city-bikes\/<\/a><br \/>\nAlternativ 2: EU-BIKE, kostar 5 kr\/30 min. F\u00f6r mer info:<br \/>\n<a class=\"oajrlxb2 g5ia77u1 qu0x051f esr5mh6w e9989ue4 r7d6kgcz rq0escxv nhd2j8a9 nc684nl6 p7hjln8o kvgmc6g5 cxmmr5t8 oygrvhab hcukyx3x jb3vyjys rz4wbd8a qt6c0cv9 a8nywdso i1ao9s8h esuyzwwr f1sip0of lzcic4wl py34i1dx gpro0wi8\" tabindex=\"0\" role=\"link\" href=\"https:\/\/l.facebook.com\/l.php?u=https%3A%2F%2Feubike.se%2F%3Ffbclid%3DIwAR19ZJwJ3WWTtwHvMUFFp16hF9PVl4UYK2_IrAtuGIE-Pw5WhGfQ1BeNbaU&amp;h=AT1qXSa_NoYMsHFrh-ZEbLhDAkzZf4dDjOypdU0-b-Uaa_PDXQewvqXQi7ilkJZX1xVdDaAhkk3ln4CRWwFnnyZLPChoLXK60_xPpw2om-4ugtpc0cpTo2opRX_wnWnmYJe9\" target=\"_blank\" rel=\"nofollow noopener noreferrer\">https:\/\/eubike.se\/<\/a><\/div>\n<div><\/div>\n<div class=\"o9v6fnle cxmmr5t8 oygrvhab hcukyx3x c1et5uql\">Anm\u00e4lan g\u00f6rs genom att skicka sms till 0704032979. \u00c4r det fler<br \/>\nsom kommer fr\u00e5n samma h\u00e5ll kan vi arrangera s\u00e5 att man f\u00e5r<br \/>\ns\u00e4llskap till Kungstr\u00e4dg\u00e5rden.<\/div>\n<div><\/div>\n<div class=\"o9v6fnle cxmmr5t8 oygrvhab hcukyx3x c1et5uql\">Datum: 18:e juli<br \/>\nTid: 15:00-18:00<br \/>\nSamlingsplats: Utanf\u00f6r Kungstr\u00e4dg\u00e5rdens T-bana. Utg\u00e5ng vid<br \/>\nDjurg\u00e5rdsf\u00e4rjan.<\/div>\n<div class=\"o9v6fnle cxmmr5t8 oygrvhab hcukyx3x c1et5uql\">\nKontaktperson: Tihama Al Hashmi, 0704032979<\/div>\n<div class=\"o9v6fnle cxmmr5t8 oygrvhab hcukyx3x c1et5uql\">*Enligt J\u00e4rva lokalavdelning, v\u00e4ldigt trov\u00e4rdiga!<\/div>\n","protected":false},"excerpt":{"rendered":"<p>Assalamu alaykom och varmt v\u00e4lkommen till sommarens f\u00f6rsta gemensamma cykeltur! Ett av de b\u00e4sta s\u00e4tten att avnjuta sommaren p\u00e5 och uppt\u00e4cka Stockholms sk\u00f6nhet \u00e4r genom cykling.* S\u00e5 varf\u00f6r inte g\u00f6ra b\u00e5de och p\u00e5 en och samma g\u00e5ng? Tillsammans med ett sk\u00f6n-sk\u00f6nt g\u00e4ng kommer du att trampa dig fram p\u00e5 Stockholms gator med start fr\u00e5n Kungstr\u00e4dg\u00e5rden.&hellip; <br \/> <a class=\"read-more\" href=\"https:\/\/muslimerforfred.org\/sv\/cykla-med-muslimska-fredsrorelsen\/\">L\u00e4s mer<\/a><\/p>\n","protected":false},"author":18,"featured_media":0,"comment_status":"closed","ping_status":"open","sticky":false,"template":"","format":"standard","meta":{"jetpack_post_was_ever_published":false,"_jetpack_newsletter_access":"","_jetpack_dont_email_post_to_subs":false,"_jetpack_newsletter_tier_id":0,"_jetpack_memberships_contains_paywalled_content":false,"_jetpack_memberships_contains_paid_content":false,"footnotes":"","jetpack_publicize_message":"","jetpack_publicize_feature_enabled":true,"jetpack_social_post_already_shared":true,"jetpack_social_options":{"image_generator_settings":{"template":"highway","default_image_id":0,"font":"","enabled":false},"version":2}},"categories":[2,78],"tags":[],"class_list":["post-18706","post","type-post","status-publish","format-standard","hentry","category-event","category-jarva"],"jetpack_publicize_connections":[],"jetpack_featured_media_url":"","jetpack_sharing_enabled":true,"jetpack_shortlink":"https:\/\/wp.me\/paU9CB-4RI","_links":{"self":[{"href":"https:\/\/muslimerforfred.org\/sv\/wp-json\/wp\/v2\/posts\/18706","targetHints":{"allow":["GET"]}}],"collection":[{"href":"https:\/\/muslimerforfred.org\/sv\/wp-json\/wp\/v2\/posts"}],"about":[{"href":"https:\/\/muslimerforfred.org\/sv\/wp-json\/wp\/v2\/types\/post"}],"author":[{"embeddable":true,"href":"https:\/\/muslimerforfred.org\/sv\/wp-json\/wp\/v2\/users\/18"}],"replies":[{"embeddable":true,"href":"https:\/\/muslimerforfred.org\/sv\/wp-json\/wp\/v2\/comments?post=18706"}],"version-history":[{"count":1,"href":"https:\/\/muslimerforfred.org\/sv\/wp-json\/wp\/v2\/posts\/18706\/revisions"}],"predecessor-version":[{"id":18707,"href":"https:\/\/muslimerforfred.org\/sv\/wp-json\/wp\/v2\/posts\/18706\/revisions\/18707"}],"wp:attachment":[{"href":"https:\/\/muslimerforfred.org\/sv\/wp-json\/wp\/v2\/media?parent=18706"}],"wp:term":[{"taxonomy":"category","embeddable":true,"href":"https:\/\/muslimerforfred.org\/sv\/wp-json\/wp\/v2\/categories?post=18706"},{"taxonomy":"post_tag","embeddable":true,"href":"https:\/\/muslimerforfred.org\/sv\/wp-json\/wp\/v2\/tags?post=18706"}],"curies":[{"name":"wp","href":"https:\/\/api.w.org\/{rel}","templated":true}]}}